{"id":133,"date":"2020-03-23T15:39:20","date_gmt":"2020-03-23T14:39:20","guid":{"rendered":"http:\/\/dessinemoiunboulon.net\/?p=133"},"modified":"2020-03-23T15:39:20","modified_gmt":"2020-03-23T14:39:20","slug":"travailler-sur-la-transition","status":"publish","type":"post","link":"https:\/\/t2consulting.fr\/?p=133","title":{"rendered":"Travailler sur la transition"},"content":{"rendered":"\n<h6 class=\"wp-block-heading\">Pourquoi se d\u00e9finir comme acteur de la Transition<\/h6>\n\n\n\n<p>Notre pr\u00e9sent est un paroxysme de complexit\u00e9 g\u00e9opolitique, avec une \u00e9conomie globale, une in\u00e9galit\u00e9 sans pr\u00e9c\u00e9dent impliquant tous les maux que nous subissons aujourd\u2019hui. Le monde qu\u2019on nous repr\u00e9sente serait un aboutissement malsain de notre civilisation, un point de non retour ou m\u00eame le mur qu\u2019on ne franchira pas. On voit naitre des mouvances survivalistes pour se pr\u00e9parer \u201caux fins\u201d du monde, toutes tr\u00e8s court-termistes.<\/p>\n\n\n\n<p>A force d\u2019\u00eatre soumis \u00e0 l\u2019injonction que \u201cc\u2019est fini\u201d, des intellectuels ont commenc\u00e9 \u00e0 se poser la question :&nbsp;<strong><em>oui, mais apr\u00e8s ?&nbsp;<\/em><\/strong>C\u2019est un changement de paradigme qui permet de prendre du recul et de poser les bases d\u2019une r\u00e9flexion plus complexe.<\/p>\n\n\n\n<p>La notion&nbsp;<strong><em>d\u2019effondrement<\/em><\/strong>&nbsp;devient centrale dans l\u2019articulation de la pens\u00e9e rempla\u00e7ant le&nbsp;<em>c\u2019est fini<\/em>. Cette nuance a son importance car elle prend en compte que notre civilisation et sa soci\u00e9t\u00e9 sont bien \u00e0 un sommet de d\u00e9veloppement avec tous les dangers qui nous menacent mais que ce n\u2019est pas une fatalit\u00e9.<\/p>\n\n\n\n<p>La naissance r\u00e9cente de la&nbsp;<a href=\"https:\/\/fr.wikipedia.org\/wiki\/Collapsologie\" target=\"_blank\" rel=\"noreferrer noopener\">Collapsologie<\/a>&nbsp;(qui n\u2019est pas encore consid\u00e9r\u00e9e comme une science) se propose de travailler sur cette id\u00e9e. L\u2019organisation d\u2019alternative est au centre de nombreuses actions des entrepreneurs sociaux et solidaires mais pas seulement car des start-ups s\u2019engagent \u00e9galement \u00e0 am\u00e9liorer le monde.<\/p>\n\n\n\n<p>On peut imaginer aller plus loin et se dire qu\u2019on peut influencer aujourd\u2019hui pour que l\u2019apr\u00e8s soit meilleur, voir m\u00eame emp\u00eacher l\u2019effondrement lui m\u00eame !<\/p>\n\n\n\n<p>Quelle que soit l\u2019issu, accepter que le changement est in\u00e9luctable rel\u00e8ve du bon sens (effondrement ou pas). La transition est une incarnation de la fa\u00e7on d\u2019accepter ce changement.<\/p>\n\n\n\n<p>Face au changement, cette transition est \u00e0 op\u00e9rer dans toute nos activit\u00e9s, nos institutions, nos l\u00e9gislations, notre consommation et certainement le propre tissu de notre soci\u00e9t\u00e9.<\/p>\n\n\n\n<p>Chacun \u00e0 son niveau doit porter une part de ce fardeau de transition. Libre \u00e0 chacun de l\u2019embrasser et de le transformer en action.<\/p>\n\n\n\n<hr class=\"wp-block-separator\"\/>\n\n\n\n<p><em>Bibliographie non-exhaustive du sujet<\/em><\/p>\n\n\n\n<p>\ud83d\udcd4 Thomas Pikkety,&nbsp;<a href=\"https:\/\/www.lalibrairie.com\/livres\/capital-et-ideologie_0-5866856_9782021338041.html?ctx=c5939eb734ae6d09e2881248a05c3a28\" target=\"_blank\" rel=\"noreferrer noopener\">Capital et Id\u00e9ologie<\/a><\/p>\n\n\n\n<p>\ud83d\udcd4 Pablo Sevigne,&nbsp;<a href=\"https:\/\/www.lalibrairie.com\/livres\/comment-tout-peut-s-effondrer--petit-manuel-de-collapsologie-a-l-usage-des-generations-presentes_0-2568900_9782021223316.html?ctx=8436502a57dee04d2161c6629b721c80\" target=\"_blank\" rel=\"noreferrer noopener\">Comment tout peut s\u2019effondrer<\/a><\/p>\n\n\n\n<p>\ud83d\udcda Magazine sur l\u2019effondrement et le renouveau&nbsp;<a href=\"https:\/\/yggdrasil-mag.com\/\" target=\"_blank\" rel=\"noreferrer noopener\">Yggdrasil<\/a><\/p>\n\n\n\n<p>\ud83d\udd08 Pablo Sevigne chez&nbsp;<a href=\"https:\/\/www.youtube.com\/watch?v=5xziAeW7l6w\" target=\"_blank\" rel=\"noreferrer noopener\">Thinkeview<\/a><\/p>\n\n\n\n<p>\ud83d\udcfa Familles Apocalypses chez&nbsp;<a href=\"https:\/\/www.netflix.com\/fr\/title\/80001101\" target=\"_blank\" rel=\"noreferrer noopener\">Netflix<\/a><\/p>\n","protected":false},"excerpt":{"rendered":"<p>Pourquoi se d\u00e9finir comme acteur de la Transition Notre pr\u00e9sent est un paroxysme de complexit\u00e9 g\u00e9opolitique, avec une \u00e9conomie globale, une in\u00e9galit\u00e9 sans pr\u00e9c\u00e9dent impliquant tous les maux que nous subissons aujourd\u2019hui. Le monde qu\u2019on nous repr\u00e9sente serait un aboutissement malsain de notre civilisation, un point de non retour ou [&hellip;]<\/p>\n","protected":false},"author":2,"featured_media":0,"comment_status":"closed","ping_status":"closed","sticky":false,"template":"","format":"standard","meta":{"footnotes":""},"categories":[1],"tags":[],"class_list":["post-133","post","type-post","status-publish","format-standard","hentry","category-non-classe"],"_links":{"self":[{"href":"https:\/\/t2consulting.fr\/index.php?rest_route=\/wp\/v2\/posts\/133","targetHints":{"allow":["GET"]}}],"collection":[{"href":"https:\/\/t2consulting.fr\/index.php?rest_route=\/wp\/v2\/posts"}],"about":[{"href":"https:\/\/t2consulting.fr\/index.php?rest_route=\/wp\/v2\/types\/post"}],"author":[{"embeddable":true,"href":"https:\/\/t2consulting.fr\/index.php?rest_route=\/wp\/v2\/users\/2"}],"replies":[{"embeddable":true,"href":"https:\/\/t2consulting.fr\/index.php?rest_route=%2Fwp%2Fv2%2Fcomments&post=133"}],"version-history":[{"count":0,"href":"https:\/\/t2consulting.fr\/index.php?rest_route=\/wp\/v2\/posts\/133\/revisions"}],"wp:attachment":[{"href":"https:\/\/t2consulting.fr\/index.php?rest_route=%2Fwp%2Fv2%2Fmedia&parent=133"}],"wp:term":[{"taxonomy":"category","embeddable":true,"href":"https:\/\/t2consulting.fr\/index.php?rest_route=%2Fwp%2Fv2%2Fcategories&post=133"},{"taxonomy":"post_tag","embeddable":true,"href":"https:\/\/t2consulting.fr\/index.php?rest_route=%2Fwp%2Fv2%2Ftags&post=133"}],"curies":[{"name":"wp","href":"https:\/\/api.w.org\/{rel}","templated":true}]}}